{"id":10413,"date":"2024-08-15T16:42:27","date_gmt":"2024-08-15T16:42:27","guid":{"rendered":"https:\/\/festivaldecineinstar.com\/?p=10413"},"modified":"2024-08-15T16:58:24","modified_gmt":"2024-08-15T16:58:24","slug":"mas-de-cien-horas-de-cine-cubano-en-documenta-2022","status":"publish","type":"post","link":"https:\/\/festivaldecineinstar.com\/en\/notas\/mas-de-cien-horas-de-cine-cubano-en-documenta-2022\/","title":{"rendered":"M\u00e1s de cien horas de cine cubano en documenta 2022"},"content":{"rendered":"<div data-elementor-type=\"wp-post\" data-elementor-id=\"10413\" class=\"elementor elementor-10413\" data-elementor-post-type=\"post\">\n\t\t\t\t<div class=\"elementor-element elementor-element-69cec2e e-flex e-con-boxed e-con e-parent\" data-id=\"69cec2e\" data-element_type=\"container\" data-e-type=\"container\">\n\t\t\t\t\t<div class=\"e-con-inner\">\n\t\t\t\t<div class=\"elementor-element elementor-element-94744fa elementor-widget elementor-widget-spacer\" data-id=\"94744fa\" data-element_type=\"widget\" data-e-type=\"widget\" data-widget_type=\"spacer.default\">\n\t\t\t\t<div class=\"elementor-widget-container\">\n\t\t\t\t\t\t\t<div class=\"elementor-spacer\">\n\t\t\t<div class=\"elementor-spacer-inner\"><\/div>\n\t\t<\/div>\n\t\t\t\t\t\t<\/div>\n\t\t\t\t<\/div>\n\t\t\t\t\t<\/div>\n\t\t\t\t<\/div>\n\t\t<div class=\"elementor-element elementor-element-21f4b9b e-flex e-con-boxed e-con e-parent\" data-id=\"21f4b9b\" data-element_type=\"container\" data-e-type=\"container\">\n\t\t\t\t\t<div class=\"e-con-inner\">\n\t\t\t\t<div class=\"elementor-element elementor-element-e783315 elementor-widget__width-inherit elementor-widget elementor-widget-heading\" data-id=\"e783315\" data-element_type=\"widget\" data-e-type=\"widget\" data-widget_type=\"heading.default\">\n\t\t\t\t<div class=\"elementor-widget-container\">\n\t\t\t\t\t<h2 class=\"elementor-heading-title elementor-size-default\">Over a hundred hours of Cuban cinema at Documenta Fifteen offer \"an alternative vision of Cuban reality\"<\/h2>\t\t\t\t<\/div>\n\t\t\t\t<\/div>\n\t\t\t\t\t<\/div>\n\t\t\t\t<\/div>\n\t\t<div class=\"elementor-element elementor-element-a135d03 e-flex e-con-boxed e-con e-parent\" data-id=\"a135d03\" data-element_type=\"container\" data-e-type=\"container\">\n\t\t\t\t\t<div class=\"e-con-inner\">\n\t\t\t\t<div class=\"elementor-element elementor-element-ef4cb25 elementor-widget__width-inherit elementor-widget elementor-widget-text-editor\" data-id=\"ef4cb25\" data-element_type=\"widget\" data-e-type=\"widget\" data-widget_type=\"text-editor.default\">\n\t\t\t\t<div class=\"elementor-widget-container\">\n\t\t\t\t\t\t\t\t\t<p>By MART\u00cd NOTICIAS \u2013 20 july, 2022<\/p>\t\t\t\t\t\t\t\t<\/div>\n\t\t\t\t<\/div>\n\t\t\t\t\t<\/div>\n\t\t\t\t<\/div>\n\t\t<div class=\"elementor-element elementor-element-dbe32ea e-flex e-con-boxed e-con e-parent\" data-id=\"dbe32ea\" data-element_type=\"container\" data-e-type=\"container\">\n\t\t\t\t\t<div class=\"e-con-inner\">\n\t\t\t\t<div class=\"elementor-element elementor-element-0bfc202 elementor-widget__width-inherit elementor-widget elementor-widget-text-editor\" data-id=\"0bfc202\" data-element_type=\"widget\" data-e-type=\"widget\" data-widget_type=\"text-editor.default\">\n\t\t\t\t<div class=\"elementor-widget-container\">\n\t\t\t\t\t\t\t\t\t<p style=\"text-align: center;\"><strong>MART\u00cd NOTICIAS<\/strong><\/p>\t\t\t\t\t\t\t\t<\/div>\n\t\t\t\t<\/div>\n\t\t\t\t\t<\/div>\n\t\t\t\t<\/div>\n\t\t<div class=\"elementor-element elementor-element-e8db727 e-flex e-con-boxed e-con e-parent\" data-id=\"e8db727\" data-element_type=\"container\" data-e-type=\"container\">\n\t\t\t\t\t<div class=\"e-con-inner\">\n\t\t\t\t<div class=\"elementor-element elementor-element-1f6c400 elementor-widget__width-initial elementor-widget elementor-widget-image\" data-id=\"1f6c400\" data-element_type=\"widget\" data-e-type=\"widget\" data-widget_type=\"image.default\">\n\t\t\t\t<div class=\"elementor-widget-container\">\n\t\t\t\t\t\t\t\t\t\t\t\t<figure class=\"wp-caption\">\n\t\t\t\t\t\t\t\t\t\t<img fetchpriority=\"high\" decoding=\"async\" width=\"1023\" height=\"557\" src=\"https:\/\/festivaldecineinstar.com\/wp-content\/uploads\/2024\/08\/0a6d0000-0a00-0242-9d22-08da6a7b41b9_w1023_r1_s.jpg\" class=\"attachment-large size-large wp-image-10169\" alt=\"\" srcset=\"https:\/\/festivaldecineinstar.com\/wp-content\/uploads\/2024\/08\/0a6d0000-0a00-0242-9d22-08da6a7b41b9_w1023_r1_s.jpg 1023w, https:\/\/festivaldecineinstar.com\/wp-content\/uploads\/2024\/08\/0a6d0000-0a00-0242-9d22-08da6a7b41b9_w1023_r1_s-300x163.jpg 300w, https:\/\/festivaldecineinstar.com\/wp-content\/uploads\/2024\/08\/0a6d0000-0a00-0242-9d22-08da6a7b41b9_w1023_r1_s-768x418.jpg 768w, https:\/\/festivaldecineinstar.com\/wp-content\/uploads\/2024\/08\/0a6d0000-0a00-0242-9d22-08da6a7b41b9_w1023_r1_s-18x10.jpg 18w\" sizes=\"(max-width: 1023px) 100vw, 1023px\" \/>\t\t\t\t\t\t\t\t\t\t\t<figcaption class=\"widget-image-caption wp-caption-text\">Poster for Documenta Fifteen, a contemporary art fair held every five years in Kassel, Germany.<\/figcaption>\n\t\t\t\t\t\t\t\t\t\t<\/figure>\n\t\t\t\t\t\t\t\t\t<\/div>\n\t\t\t\t<\/div>\n\t\t\t\t\t<\/div>\n\t\t\t\t<\/div>\n\t\t<div class=\"elementor-element elementor-element-edd3d1b e-flex e-con-boxed e-con e-parent\" data-id=\"edd3d1b\" data-element_type=\"container\" data-e-type=\"container\">\n\t\t\t\t\t<div class=\"e-con-inner\">\n\t\t\t\t<div class=\"elementor-element elementor-element-cc6d179 elementor-widget elementor-widget-spacer\" data-id=\"cc6d179\" data-element_type=\"widget\" data-e-type=\"widget\" data-widget_type=\"spacer.default\">\n\t\t\t\t<div class=\"elementor-widget-container\">\n\t\t\t\t\t\t\t<div class=\"elementor-spacer\">\n\t\t\t<div class=\"elementor-spacer-inner\"><\/div>\n\t\t<\/div>\n\t\t\t\t\t\t<\/div>\n\t\t\t\t<\/div>\n\t\t\t\t\t<\/div>\n\t\t\t\t<\/div>\n\t\t<div class=\"elementor-element elementor-element-ef3c000 e-flex e-con-boxed e-con e-parent\" data-id=\"ef3c000\" data-element_type=\"container\" data-e-type=\"container\">\n\t\t\t\t\t<div class=\"e-con-inner\">\n\t\t\t\t<div class=\"elementor-element elementor-element-ca846bb elementor-widget elementor-widget-text-editor\" data-id=\"ca846bb\" data-element_type=\"widget\" data-e-type=\"widget\" data-widget_type=\"text-editor.default\">\n\t\t\t\t<div class=\"elementor-widget-container\">\n\t\t\t\t\t\t\t\t\t<p><span style=\"font-weight: 400;\">The Cuban alternative film cycle being shown at the international art fair Documenta Fifteen in the German city of Kassel is \u201ca marathon of all kinds of films that intends to create a sort of counter-canon, an alternative vision of Cuban reality,\u201d filmmaker Jos\u00e9 Luis Aparicio told Radio Mart\u00ed.<\/span><\/p><p><span style=\"font-weight: 400;\">\u201cIt is like the reverse of official Cuban cinema and I think it is necessary to broaden, complicate, and deepen the imaginary about the island and what can be understood as Cuban cinema,\u201d explained the director of Tundra and Sue\u00f1os al pairo.<\/span><\/p><p><span style=\"font-weight: 400;\">Organized by Cuban artist Tania Bruguera, director of INSTAR, this cycle includes about 150 to 170 films, approximately 100 hours of alternative Cuban cinema.<\/span><\/p><p><span style=\"font-weight: 400;\">Aparicio uses the word \u201calternative\u201d and not independent \u201cbecause it is not always about independent production\u2026 I say alternative because there is also earlier production that was not always classified that way, and emerged on the periphery of institutions, in film clubs, made by people who worked at ICAIC or ICRT, and managed to produce films with a different perspective.\"<\/span><\/p><p><span style=\"font-weight: 400;\">\u201cI also refer to films produced within the institution, but that were censored, renegade, and orphaned, banned for years, sometimes with no way to be shown, and that in recent years have been rescued. So I am interested in the notion of cinema alternative to the official, hegemonic, canonical vision of Cuban cinema,\u201d he said.<\/span><\/p>\t\t\t\t\t\t\t\t<\/div>\n\t\t\t\t<\/div>\n\t\t\t\t\t<\/div>\n\t\t\t\t<\/div>\n\t\t<div class=\"elementor-element elementor-element-ecb2345 e-flex e-con-boxed e-con e-parent\" data-id=\"ecb2345\" data-element_type=\"container\" data-e-type=\"container\">\n\t\t\t\t\t<div class=\"e-con-inner\">\n\t\t\t\t<div class=\"elementor-element elementor-element-3ecea4b elementor-widget elementor-widget-html\" data-id=\"3ecea4b\" data-element_type=\"widget\" data-e-type=\"widget\" data-widget_type=\"html.default\">\n\t\t\t\t<div class=\"elementor-widget-container\">\n\t\t\t\t\t<blockquote class=\"twitter-tweet\"><p lang=\"es\" dir=\"ltr\">Gracias a todos,montaje, cineastas y conferencistas que en eventos te\u00f3ricos defendieron el <a href=\"https:\/\/twitter.com\/hashtag\/NuevoCineIndependienteCubano?src=hash&amp;ref_src=twsrc%5Etfw\">#NuevoCineIndependienteCubano<\/a> y mostraron im\u00e1genes diversas a las q por m\u00e1s de 60 a\u00f1os nos ha proyectado la propaganda oficial.Gracias al p\u00fablico que descubri\u00f3 otra Cuba <a href=\"https:\/\/twitter.com\/hashtag\/CubaEsUnaDictadura?src=hash&amp;ref_src=twsrc%5Etfw\">#CubaEsUnaDictadura<\/a> <a href=\"https:\/\/t.co\/FyM0J4k2Fk\">pic.twitter.com\/FyM0J4k2Fk<\/a><\/p>&mdash; Tania Bruguera (@BrugueraEstudio) <a href=\"https:\/\/twitter.com\/BrugueraEstudio\/status\/1549075981675073537?ref_src=twsrc%5Etfw\">July 18, 2022<\/a><\/blockquote> <script async src=\"https:\/\/platform.twitter.com\/widgets.js\" charset=\"utf-8\"><\/script>\t\t\t\t<\/div>\n\t\t\t\t<\/div>\n\t\t\t\t\t<\/div>\n\t\t\t\t<\/div>\n\t\t<div class=\"elementor-element elementor-element-afa641a e-flex e-con-boxed e-con e-parent\" data-id=\"afa641a\" data-element_type=\"container\" data-e-type=\"container\">\n\t\t\t\t\t<div class=\"e-con-inner\">\n\t\t\t\t<div class=\"elementor-element elementor-element-74bde53 elementor-widget elementor-widget-text-editor\" data-id=\"74bde53\" data-element_type=\"widget\" data-e-type=\"widget\" data-widget_type=\"text-editor.default\">\n\t\t\t\t<div class=\"elementor-widget-container\">\n\t\t\t\t\t\t\t\t\t<p><span style=\"font-weight: 400;\">Bruguera addressed these same topics on Tuesday in a message posted on Twitter. \u201cThanks to all the editors, filmmakers, and lecturers who in theoretical events defended the New Independent Cuban Cinema and showed diverse images than those projected by official propaganda for over 60 years.\u201d<\/span><\/p><p><span style=\"font-weight: 400;\">\u201cThanks to the audience that discovered another Cuba,\u201d Bruguera said in her message, accompanied by the hashtag #CubaEsUnaDictadura.<\/span><\/p>\t\t\t\t\t\t\t\t<\/div>\n\t\t\t\t<\/div>\n\t\t\t\t\t<\/div>\n\t\t\t\t<\/div>\n\t\t<div class=\"elementor-element elementor-element-54100af e-flex e-con-boxed e-con e-parent\" data-id=\"54100af\" data-element_type=\"container\" data-e-type=\"container\">\n\t\t\t\t\t<div class=\"e-con-inner\">\n\t\t\t\t<div class=\"elementor-element elementor-element-def6db5 elementor-widget elementor-widget-html\" data-id=\"def6db5\" data-element_type=\"widget\" data-e-type=\"widget\" data-widget_type=\"html.default\">\n\t\t\t\t<div class=\"elementor-widget-container\">\n\t\t\t\t\t<blockquote class=\"twitter-tweet\"><p lang=\"en\" dir=\"ltr\">\ud835\udde3\ud835\uddf2\ud835\uddfb\u0303\ud835\uddee \ud835\uddf1\ud835\uddf2\ud835\uddf9 \ud835\udddd\ud835\ude02\u0301\ud835\uddf0\ud835\uddee\ud835\uddff\ud835\uddfc \ud835\udde0\ud835\uddee\ud835\uddff\ud835\ude01\ud835\uddf6\ud835\uddee\ud835\uddfb\ud835\uddfc at <a href=\"https:\/\/twitter.com\/documenta__?ref_src=twsrc%5Etfw\">@documenta__<\/a><br>Our public program of the week is HERE!<br><br>We will be in INSTAR Square, in Documenta Halle. All events will be broadcasted life via <a href=\"https:\/\/twitter.com\/instar_cuba?ref_src=twsrc%5Etfw\">@instar_cuba<\/a> channels.<a href=\"https:\/\/twitter.com\/hashtag\/CubaEsUnaDictadura?src=hash&amp;ref_src=twsrc%5Etfw\">#CubaEsUnaDictadura<\/a> <a href=\"https:\/\/twitter.com\/hashtag\/El11JSigueVivo?src=hash&amp;ref_src=twsrc%5Etfw\">#El11JSigueVivo<\/a> <a href=\"https:\/\/twitter.com\/hashtag\/SOSCuba?src=hash&amp;ref_src=twsrc%5Etfw\">#SOSCuba<\/a> <a href=\"https:\/\/twitter.com\/hashtag\/Cuba?src=hash&amp;ref_src=twsrc%5Etfw\">#Cuba<\/a> <a href=\"https:\/\/twitter.com\/hashtag\/PatriaYVida?src=hash&amp;ref_src=twsrc%5Etfw\">#PatriaYVida<\/a> <a href=\"https:\/\/t.co\/nbrTYiFVNW\">pic.twitter.com\/nbrTYiFVNW<\/a><\/p>&mdash; Tania Bruguera (@BrugueraEstudio) <a href=\"https:\/\/twitter.com\/BrugueraEstudio\/status\/1548996751889162240?ref_src=twsrc%5Etfw\">July 18, 2022<\/a><\/blockquote> <script async src=\"https:\/\/platform.twitter.com\/widgets.js\" charset=\"utf-8\"><\/script>\t\t\t\t<\/div>\n\t\t\t\t<\/div>\n\t\t\t\t\t<\/div>\n\t\t\t\t<\/div>\n\t\t<div class=\"elementor-element elementor-element-9a47dba e-flex e-con-boxed e-con e-parent\" data-id=\"9a47dba\" data-element_type=\"container\" data-e-type=\"container\">\n\t\t\t\t\t<div class=\"e-con-inner\">\n\t\t\t\t<div class=\"elementor-element elementor-element-c4c3539 elementor-widget elementor-widget-text-editor\" data-id=\"c4c3539\" data-element_type=\"widget\" data-e-type=\"widget\" data-widget_type=\"text-editor.default\">\n\t\t\t\t<div class=\"elementor-widget-container\">\n\t\t\t\t\t\t\t\t\t<p><span style=\"font-weight: 400;\">Regarding the content and styles of these films, Aparicio said that \u201cthere is everything\u201d:<\/span><\/p><p><span style=\"font-weight: 400;\">\u201cThere are feature films, short films, medium-length films, from films produced in the 1960s to the most recent films of alternative Cuban cinema. Especially films from the last two decades, during which the independent movement has consolidated. There are documentaries, fiction films, experimental cinema, video art, animation films, films that are on the edges between different formats and genres, that are hybrid, made by filmmakers of very diverse social, racial backgrounds, and gender projections.\u201d<\/span><\/p><p><span style=\"font-weight: 400;\">\u201cIn other words,\u201d Aparicio summarizes, \u201cit is an exhibition that aims to be very inclusive\u2026 it does not intend to replace ICAIC cinema, but to add titles, to complicate the idea of Cuba through cinema\u2026 it is to add, not subtract.\u201d<\/span><\/p><p><span style=\"font-weight: 400;\">In addition to cinema, Bruguera has used this prestigious international art fair to show other Cuban works that reflect Cuban reality.<\/span><\/p>\t\t\t\t\t\t\t\t<\/div>\n\t\t\t\t<\/div>\n\t\t\t\t\t<\/div>\n\t\t\t\t<\/div>\n\t\t<div class=\"elementor-element elementor-element-60fa54e e-grid e-con-boxed e-con e-parent\" data-id=\"60fa54e\" data-element_type=\"container\" data-e-type=\"container\">\n\t\t\t\t\t<div class=\"e-con-inner\">\n\t\t\t\t<div class=\"elementor-element elementor-element-c425f38 elementor-widget elementor-widget-text-editor\" data-id=\"c425f38\" data-element_type=\"widget\" data-e-type=\"widget\" data-widget_type=\"text-editor.default\">\n\t\t\t\t<div class=\"elementor-widget-container\">\n\t\t\t\t\t\t\t\t\t<p><span style=\"font-weight: 400;\">In INSTAR\u2019s official venue at Documenta Fifteen, there is an image of artist and prisoner of conscience Luis Manuel Otero Alc\u00e1ntara and a very large black-and-white image of rapper and prisoner of conscience Maykel Castillo \u201cEl Osorbo.\u201d It is that iconic image of him with his fist in the air, handcuffed, resisting an arrest in the San Isidro neighborhood.<\/span><\/p><p><span style=\"font-weight: 400;\">\u201cIt is very impactful, very emotional, and very urgent to see these images\u2026 I find it beautiful that Maykel\u2019s image is there. It is an image of rebellion, heresy, freedom, against all acts of repression, censorship, and denial of fundamental human rights,\u201d said Aparicio.<\/span><\/p>\t\t\t\t\t\t\t\t<\/div>\n\t\t\t\t<\/div>\n\t\t\t\t<div class=\"elementor-element elementor-element-d65c44f elementor-widget elementor-widget-image\" data-id=\"d65c44f\" data-element_type=\"widget\" data-e-type=\"widget\" data-widget_type=\"image.default\">\n\t\t\t\t<div class=\"elementor-widget-container\">\n\t\t\t\t\t\t\t\t\t\t\t\t<figure class=\"wp-caption\">\n\t\t\t\t\t\t\t\t\t\t<img decoding=\"async\" width=\"960\" height=\"540\" src=\"https:\/\/festivaldecineinstar.com\/wp-content\/uploads\/2024\/08\/0a620000-0aff-0242-9fd6-08da427773eb_w1597_n_r1_st_s.jpeg\" class=\"attachment-large size-large wp-image-10416\" alt=\"\" srcset=\"https:\/\/festivaldecineinstar.com\/wp-content\/uploads\/2024\/08\/0a620000-0aff-0242-9fd6-08da427773eb_w1597_n_r1_st_s.jpeg 960w, https:\/\/festivaldecineinstar.com\/wp-content\/uploads\/2024\/08\/0a620000-0aff-0242-9fd6-08da427773eb_w1597_n_r1_st_s-300x169.jpeg 300w, https:\/\/festivaldecineinstar.com\/wp-content\/uploads\/2024\/08\/0a620000-0aff-0242-9fd6-08da427773eb_w1597_n_r1_st_s-768x432.jpeg 768w, https:\/\/festivaldecineinstar.com\/wp-content\/uploads\/2024\/08\/0a620000-0aff-0242-9fd6-08da427773eb_w1597_n_r1_st_s-18x10.jpeg 18w\" sizes=\"(max-width: 960px) 100vw, 960px\" \/>\t\t\t\t\t\t\t\t\t\t\t<figcaption class=\"widget-image-caption wp-caption-text\">Image of El Osorbo by Raychel Carri\u00f3n. Poster of Luis Manuel Otero Alc\u00e1ntara by Claudia Patricia.<\/figcaption>\n\t\t\t\t\t\t\t\t\t\t<\/figure>\n\t\t\t\t\t\t\t\t\t<\/div>\n\t\t\t\t<\/div>\n\t\t\t\t\t<\/div>\n\t\t\t\t<\/div>\n\t\t<div class=\"elementor-element elementor-element-32f33db e-flex e-con-boxed e-con e-parent\" data-id=\"32f33db\" data-element_type=\"container\" data-e-type=\"container\">\n\t\t\t\t\t<div class=\"e-con-inner\">\n\t\t\t\t<div class=\"elementor-element elementor-element-06697ff elementor-widget elementor-widget-text-editor\" data-id=\"06697ff\" data-element_type=\"widget\" data-e-type=\"widget\" data-widget_type=\"text-editor.default\">\n\t\t\t\t<div class=\"elementor-widget-container\">\n\t\t\t\t\t\t\t\t\t<p><span style=\"font-weight: 400;\">At the end of the interview, this filmmaker emphasized that the variety of Cuban works at Documenta Fifteen \u201cis inspiring and another way for people to get closer to Cuba's problems, understand the country\u2019s situation, and be able to empathize and become aware of the drama and horrors experienced in contemporary Cuba, in the Cuba of recent years.\u201d<\/span><\/p>\t\t\t\t\t\t\t\t<\/div>\n\t\t\t\t<\/div>\n\t\t\t\t\t<\/div>\n\t\t\t\t<\/div>\n\t\t<div class=\"elementor-element elementor-element-ed2bfe3 e-flex e-con-boxed e-con e-parent\" data-id=\"ed2bfe3\" data-element_type=\"container\" data-e-type=\"container\">\n\t\t\t\t\t<div class=\"e-con-inner\">\n\t\t\t\t<div class=\"elementor-element elementor-element-0254657 elementor-widget elementor-widget-spacer\" data-id=\"0254657\" data-element_type=\"widget\" data-e-type=\"widget\" data-widget_type=\"spacer.default\">\n\t\t\t\t<div class=\"elementor-widget-container\">\n\t\t\t\t\t\t\t<div class=\"elementor-spacer\">\n\t\t\t<div class=\"elementor-spacer-inner\"><\/div>\n\t\t<\/div>\n\t\t\t\t\t\t<\/div>\n\t\t\t\t<\/div>\n\t\t\t\t\t<\/div>\n\t\t\t\t<\/div>\n\t\t<div class=\"elementor-element elementor-element-85e1541 e-flex e-con-boxed e-con e-parent\" data-id=\"85e1541\" data-element_type=\"container\" data-e-type=\"container\">\n\t\t\t\t\t<div class=\"e-con-inner\">\n\t\t\t\t<div class=\"elementor-element elementor-element-97d3501 elementor-widget elementor-widget-spacer\" data-id=\"97d3501\" data-element_type=\"widget\" data-e-type=\"widget\" data-widget_type=\"spacer.default\">\n\t\t\t\t<div class=\"elementor-widget-container\">\n\t\t\t\t\t\t\t<div class=\"elementor-spacer\">\n\t\t\t<div class=\"elementor-spacer-inner\"><\/div>\n\t\t<\/div>\n\t\t\t\t\t\t<\/div>\n\t\t\t\t<\/div>\n\t\t\t\t\t<\/div>\n\t\t\t\t<\/div>\n\t\t<div class=\"elementor-element elementor-element-24b685f9 e-flex e-con-boxed e-con e-parent\" data-id=\"24b685f9\" data-element_type=\"container\" data-e-type=\"container\">\n\t\t\t\t\t<div class=\"e-con-inner\">\n\t\t\t\t<div class=\"elementor-element elementor-element-117a594a elementor-widget__width-initial elementor-widget elementor-widget-text-editor\" data-id=\"117a594a\" data-element_type=\"widget\" data-e-type=\"widget\" data-widget_type=\"text-editor.default\">\n\t\t\t\t<div class=\"elementor-widget-container\">\n\t\t\t\t\t\t\t\t\t<p style=\"text-align: center;\">You can read the original note<a href=\"https:\/\/www.martinoticias.com\/a\/ms-de-cien-horas-de-cine-cubano-en-documenta-fifteen-son-una-visin-alternativa-sobre-la-realidad-cubana-\/329825.html\"><span style=\"color: #d0121e;\"> here<\/span><br \/><\/a><\/p>\t\t\t\t\t\t\t\t<\/div>\n\t\t\t\t<\/div>\n\t\t\t\t\t<\/div>\n\t\t\t\t<\/div>\n\t\t\t\t<\/div>","protected":false},"excerpt":{"rendered":"<p>M\u00e1s de cien horas de cine cubano en documenta fifteen son &#8220;una visi\u00f3n alternativa sobre la realidad cubana&#8221; Por MART\u00cd NOTICIAS &#8211; 20 july, 2022 MART\u00cd NOTICIAS P\u00f3ster de documenta fifteen, feria de arte contempor\u00e1neo que se realiza cada cinco a\u00f1os en Kassel, Alemania. El ciclo de cine alternativo cubano que se exhibe en la [&hellip;]<\/p>\n","protected":false},"author":1,"featured_media":0,"comment_status":"closed","ping_status":"closed","sticky":false,"template":"","format":"standard","meta":{"site-sidebar-layout":"default","site-content-layout":"","ast-site-content-layout":"default","site-content-style":"default","site-sidebar-style":"default","ast-global-header-display":"","ast-banner-title-visibility":"","ast-main-header-display":"","ast-hfb-above-header-display":"","ast-hfb-below-header-display":"","ast-hfb-mobile-header-display":"","site-post-title":"disabled","ast-breadcrumbs-content":"","ast-featured-img":"","footer-sml-layout":"","ast-disable-related-posts":"","theme-transparent-header-meta":"","adv-header-id-meta":"","stick-header-meta":"","header-above-stick-meta":"","header-main-stick-meta":"","header-below-stick-meta":"","astra-migrate-meta-layouts":"","ast-page-background-enabled":"default","ast-page-background-meta":{"desktop":{"background-color":"var(--ast-global-color-4)","background-image":"","background-repeat":"repeat","background-position":"center center","background-size":"auto","background-attachment":"scroll","background-type":"","background-media":"","overlay-type":"","overlay-color":"","overlay-opacity":"","overlay-gradient":""},"tablet":{"background-color":"","background-image":"","background-repeat":"repeat","background-position":"center center","background-size":"auto","background-attachment":"scroll","background-type":"","background-media":"","overlay-type":"","overlay-color":"","overlay-opacity":"","overlay-gradient":""},"mobile":{"background-color":"","background-image":"","background-repeat":"repeat","background-position":"center center","background-size":"auto","background-attachment":"scroll","background-type":"","background-media":"","overlay-type":"","overlay-color":"","overlay-opacity":"","overlay-gradient":""}},"ast-content-background-meta":{"desktop":{"background-color":"var(--ast-global-color-5)","background-image":"","background-repeat":"repeat","background-position":"center center","background-size":"auto","background-attachment":"scroll","background-type":"","background-media":"","overlay-type":"","overlay-color":"","overlay-opacity":"","overlay-gradient":""},"tablet":{"background-color":"var(--ast-global-color-5)","background-image":"","background-repeat":"repeat","background-position":"center center","background-size":"auto","background-attachment":"scroll","background-type":"","background-media":"","overlay-type":"","overlay-color":"","overlay-opacity":"","overlay-gradient":""},"mobile":{"background-color":"var(--ast-global-color-5)","background-image":"","background-repeat":"repeat","background-position":"center center","background-size":"auto","background-attachment":"scroll","background-type":"","background-media":"","overlay-type":"","overlay-color":"","overlay-opacity":"","overlay-gradient":""}},"footnotes":""},"categories":[25],"tags":[],"class_list":["post-10413","post","type-post","status-publish","format-standard","hentry","category-notas"],"_links":{"self":[{"href":"https:\/\/festivaldecineinstar.com\/en\/wp-json\/wp\/v2\/posts\/10413"}],"collection":[{"href":"https:\/\/festivaldecineinstar.com\/en\/wp-json\/wp\/v2\/posts"}],"about":[{"href":"https:\/\/festivaldecineinstar.com\/en\/wp-json\/wp\/v2\/types\/post"}],"author":[{"embeddable":true,"href":"https:\/\/festivaldecineinstar.com\/en\/wp-json\/wp\/v2\/users\/1"}],"replies":[{"embeddable":true,"href":"https:\/\/festivaldecineinstar.com\/en\/wp-json\/wp\/v2\/comments?post=10413"}],"version-history":[{"count":4,"href":"https:\/\/festivaldecineinstar.com\/en\/wp-json\/wp\/v2\/posts\/10413\/revisions"}],"predecessor-version":[{"id":10419,"href":"https:\/\/festivaldecineinstar.com\/en\/wp-json\/wp\/v2\/posts\/10413\/revisions\/10419"}],"wp:attachment":[{"href":"https:\/\/festivaldecineinstar.com\/en\/wp-json\/wp\/v2\/media?parent=10413"}],"wp:term":[{"taxonomy":"category","embeddable":true,"href":"https:\/\/festivaldecineinstar.com\/en\/wp-json\/wp\/v2\/categories?post=10413"},{"taxonomy":"post_tag","embeddable":true,"href":"https:\/\/festivaldecineinstar.com\/en\/wp-json\/wp\/v2\/tags?post=10413"}],"curies":[{"name":"wp","href":"https:\/\/api.w.org\/{rel}","templated":true}]}}